{"id":3078,"date":"2018-05-18T14:22:07","date_gmt":"2018-05-18T13:22:07","guid":{"rendered":"https:\/\/www.tousabendo.com\/?p=3078"},"modified":"2024-08-19T17:36:38","modified_gmt":"2024-08-19T16:36:38","slug":"conhecendo-lisboa-de-campolide-ao-areeiro","status":"publish","type":"post","link":"https:\/\/portugalafora.com\/en\/conhecendo-lisboa-de-campolide-ao-areeiro\/","title":{"rendered":"Getting to know Lisbon: from Campolide to Areeiro"},"content":{"rendered":"<figure class=\"wp-block-image aligncenter size-full\"><img fetchpriority=\"high\" decoding=\"async\" width=\"1500\" height=\"892\" src=\"https:\/\/portugalafora.com\/wp-content\/uploads\/2018\/05\/tousabendo-aqueduto-das-aguas-livres.jpg\" alt=\"\" class=\"wp-image-3081\" srcset=\"https:\/\/portugalafora.com\/wp-content\/uploads\/2018\/05\/tousabendo-aqueduto-das-aguas-livres.jpg 1500w, https:\/\/portugalafora.com\/wp-content\/uploads\/2018\/05\/tousabendo-aqueduto-das-aguas-livres-500x297.jpg 500w, https:\/\/portugalafora.com\/wp-content\/uploads\/2018\/05\/tousabendo-aqueduto-das-aguas-livres-700x416.jpg 700w, https:\/\/portugalafora.com\/wp-content\/uploads\/2018\/05\/tousabendo-aqueduto-das-aguas-livres-300x178.jpg 300w, https:\/\/portugalafora.com\/wp-content\/uploads\/2018\/05\/tousabendo-aqueduto-das-aguas-livres-768x457.jpg 768w, https:\/\/portugalafora.com\/wp-content\/uploads\/2018\/05\/tousabendo-aqueduto-das-aguas-livres-1024x609.jpg 1024w, https:\/\/portugalafora.com\/wp-content\/uploads\/2018\/05\/tousabendo-aqueduto-das-aguas-livres-696x414.jpg 696w, https:\/\/portugalafora.com\/wp-content\/uploads\/2018\/05\/tousabendo-aqueduto-das-aguas-livres-1068x635.jpg 1068w, https:\/\/portugalafora.com\/wp-content\/uploads\/2018\/05\/tousabendo-aqueduto-das-aguas-livres-706x420.jpg 706w, https:\/\/portugalafora.com\/wp-content\/uploads\/2018\/05\/tousabendo-aqueduto-das-aguas-livres-1392x828.jpg 1392w, https:\/\/portugalafora.com\/wp-content\/uploads\/2018\/05\/tousabendo-aqueduto-das-aguas-livres-1413x840.jpg 1413w, https:\/\/portugalafora.com\/wp-content\/uploads\/2018\/05\/tousabendo-aqueduto-das-aguas-livres-200x119.jpg 200w, https:\/\/portugalafora.com\/wp-content\/uploads\/2018\/05\/tousabendo-aqueduto-das-aguas-livres-400x238.jpg 400w, https:\/\/portugalafora.com\/wp-content\/uploads\/2018\/05\/tousabendo-aqueduto-das-aguas-livres-600x357.jpg 600w, https:\/\/portugalafora.com\/wp-content\/uploads\/2018\/05\/tousabendo-aqueduto-das-aguas-livres-800x476.jpg 800w, https:\/\/portugalafora.com\/wp-content\/uploads\/2018\/05\/tousabendo-aqueduto-das-aguas-livres-1200x714.jpg 1200w\" sizes=\"(max-width: 1500px) 100vw, 1500px\" \/><figcaption class=\"wp-element-caption\">\u00c1guas Livres Aqueduct, photo: visitlisboa.com<\/figcaption><\/figure>\n\n\n\n<p>We will move on to three more parishes in Lisbon, now far from the center and tourists, but we will discover a good reason to visit in each of them. We start with Campolide.<\/p>\n\n\n\n<h3 class=\"wp-block-heading\">The Aqueduct<\/h3>\n\n\n\n<p>The parish of Campolide is crossed by a very busy highway that connects the 25 de Abril Bridge to the North-South Axis, an artery of enormous importance for traffic coming from the north towards the south bank of the Tagus (and vice versa). verse). As a whole, this parish is mainly residential with low-rise buildings and, in the past, an area of large farms (farms) and even wines. But nowadays what stands out most in this parish is the <em>\u00c1guas Livres Aqueduct<\/em>.<\/p>\n\n\n\n<p>This 14-kilometer-long aqueduct from Belas (a village close to Lisbon) transported water to Lisbon, supplying the capital between 1748 and 1968, the year in which it was deactivated. The best-known and most spectacular part is precisely in this parish and connects Monsanto, the forest area of Lisbon that we will talk about in the next article, and the reservoir of <em>Mother of Water<\/em> of Amoreiras. There are 21 round arches with a maximum height of around 65 meters in the largest arch, where the view is impressive. In my opinion, the aqueduct is more beautiful at night with the bridge in the background.<\/p>\n\n\n\n<figure class=\"wp-block-image aligncenter size-full\"><img decoding=\"async\" width=\"1000\" height=\"563\" src=\"https:\/\/portugalafora.com\/wp-content\/uploads\/2018\/05\/tousabendo-aqueduto-noite.jpg\" alt=\"\" class=\"wp-image-3084\" srcset=\"https:\/\/portugalafora.com\/wp-content\/uploads\/2018\/05\/tousabendo-aqueduto-noite.jpg 1000w, https:\/\/portugalafora.com\/wp-content\/uploads\/2018\/05\/tousabendo-aqueduto-noite-500x282.jpg 500w, https:\/\/portugalafora.com\/wp-content\/uploads\/2018\/05\/tousabendo-aqueduto-noite-700x394.jpg 700w, https:\/\/portugalafora.com\/wp-content\/uploads\/2018\/05\/tousabendo-aqueduto-noite-300x169.jpg 300w, https:\/\/portugalafora.com\/wp-content\/uploads\/2018\/05\/tousabendo-aqueduto-noite-768x432.jpg 768w, https:\/\/portugalafora.com\/wp-content\/uploads\/2018\/05\/tousabendo-aqueduto-noite-696x392.jpg 696w, https:\/\/portugalafora.com\/wp-content\/uploads\/2018\/05\/tousabendo-aqueduto-noite-746x420.jpg 746w, https:\/\/portugalafora.com\/wp-content\/uploads\/2018\/05\/tousabendo-aqueduto-noite-200x113.jpg 200w, https:\/\/portugalafora.com\/wp-content\/uploads\/2018\/05\/tousabendo-aqueduto-noite-400x225.jpg 400w, https:\/\/portugalafora.com\/wp-content\/uploads\/2018\/05\/tousabendo-aqueduto-noite-600x338.jpg 600w, https:\/\/portugalafora.com\/wp-content\/uploads\/2018\/05\/tousabendo-aqueduto-noite-800x450.jpg 800w\" sizes=\"(max-width: 1000px) 100vw, 1000px\" \/><figcaption class=\"wp-element-caption\"> \u00c1guas Livres Aqueduct at night<\/figcaption><\/figure>\n\n\n\n<p>The best way to see it will probably be by car, coming or going to the bridge or crossing the Duarte Pacheco Viaduct. If you are driving, go over the 25 de Abril bridge and return to Lisbon (via Almada), as the view is very beautiful and I highly recommend it. But if you don&#039;t have a car, these are arteries that have a lot of traffic and are difficult to access, so it&#039;s better to opt for other, more accessible viewpoints.<br><\/p>\n\n\n\n<h3 class=\"wp-block-heading\">The New Avenues<\/h3>\n\n\n\n<p>It is in this parish \u2013 Avenidas Novas \u2013 that the <em>General Capital Improvement Plan<\/em>, by Frederico Ressano Garcia, whose intention was to develop the northern area of the historic center. It is, even today, a more dynamic area, with a mix of residential and offices, but also commerce and some points of tourist interest. In my opinion, it helps that it is served by the metro with two lines very close together, a flat area with wide avenues and plenty of commercial and residential space. But let&#039;s start with the part to the south, the one next to the Marqu\u00eas de Pombal Rotunda.<\/p>\n\n\n\n<h3 class=\"wp-block-heading\">The metro triangle<\/h3>\n\n\n\n<p class=\"has-text-align-left\">In the triangle of metro stations \u2013 Parque, Saldanha and S\u00e3o Sebasti\u00e3o \u2013 there are numerous hotels and shopping areas. Saldanha is still an office area with people from one side to the other, although the Expo caused many of them to be moved to that area. But there is still a lot of life here, many small restaurants or places where you can eat something quick. There are three small shopping malls in this area, try one of them if you have little time for lunch or want to spend little.<br><\/p>\n\n\n\n<figure class=\"wp-block-image aligncenter size-full is-resized\"><img decoding=\"async\" width=\"1024\" height=\"634\" src=\"https:\/\/portugalafora.com\/wp-content\/uploads\/2018\/05\/5125202673_50e6bf5f44_b.jpg\" alt=\"\" class=\"wp-image-3085\" style=\"width:564px;height:349px\" srcset=\"https:\/\/portugalafora.com\/wp-content\/uploads\/2018\/05\/5125202673_50e6bf5f44_b.jpg 1024w, https:\/\/portugalafora.com\/wp-content\/uploads\/2018\/05\/5125202673_50e6bf5f44_b-500x310.jpg 500w, https:\/\/portugalafora.com\/wp-content\/uploads\/2018\/05\/5125202673_50e6bf5f44_b-700x433.jpg 700w, https:\/\/portugalafora.com\/wp-content\/uploads\/2018\/05\/5125202673_50e6bf5f44_b-300x186.jpg 300w, https:\/\/portugalafora.com\/wp-content\/uploads\/2018\/05\/5125202673_50e6bf5f44_b-768x476.jpg 768w, https:\/\/portugalafora.com\/wp-content\/uploads\/2018\/05\/5125202673_50e6bf5f44_b-356x220.jpg 356w, https:\/\/portugalafora.com\/wp-content\/uploads\/2018\/05\/5125202673_50e6bf5f44_b-696x431.jpg 696w, https:\/\/portugalafora.com\/wp-content\/uploads\/2018\/05\/5125202673_50e6bf5f44_b-678x420.jpg 678w, https:\/\/portugalafora.com\/wp-content\/uploads\/2018\/05\/5125202673_50e6bf5f44_b-712x440.jpg 712w, https:\/\/portugalafora.com\/wp-content\/uploads\/2018\/05\/5125202673_50e6bf5f44_b-200x124.jpg 200w, https:\/\/portugalafora.com\/wp-content\/uploads\/2018\/05\/5125202673_50e6bf5f44_b-400x248.jpg 400w, https:\/\/portugalafora.com\/wp-content\/uploads\/2018\/05\/5125202673_50e6bf5f44_b-600x371.jpg 600w, https:\/\/portugalafora.com\/wp-content\/uploads\/2018\/05\/5125202673_50e6bf5f44_b-800x495.jpg 800w\" sizes=\"(max-width: 1024px) 100vw, 1024px\" \/><figcaption class=\"wp-element-caption\">Street name sign<\/figcaption><\/figure>\n\n\n\n<p>We now advance along Avenida da Rep\u00fablica, wide and still with some urban relics from other times. It was a shame that many buildings were lost as they were true architectural jewels, but the Campo Pequeno Bullring still remains there, which is a beautiful building to admire even for those who don&#039;t like bullfighting.<\/p>\n\n\n\n<figure class=\"wp-block-image size-full alignnone\"><a href=\"http:\/\/portugalafora.com\/wp-content\/uploads\/2018\/05\/tousabendo-campopequeno.jpg\"><img loading=\"lazy\" decoding=\"async\" width=\"1572\" height=\"1024\" src=\"https:\/\/portugalafora.com\/wp-content\/uploads\/2018\/05\/tousabendo-campopequeno.jpg\" alt=\"\" class=\"wp-image-3086\" srcset=\"https:\/\/portugalafora.com\/wp-content\/uploads\/2018\/05\/tousabendo-campopequeno.jpg 1572w, https:\/\/portugalafora.com\/wp-content\/uploads\/2018\/05\/tousabendo-campopequeno-500x326.jpg 500w, https:\/\/portugalafora.com\/wp-content\/uploads\/2018\/05\/tousabendo-campopequeno-700x456.jpg 700w, https:\/\/portugalafora.com\/wp-content\/uploads\/2018\/05\/tousabendo-campopequeno-300x195.jpg 300w, https:\/\/portugalafora.com\/wp-content\/uploads\/2018\/05\/tousabendo-campopequeno-768x500.jpg 768w, https:\/\/portugalafora.com\/wp-content\/uploads\/2018\/05\/tousabendo-campopequeno-1024x667.jpg 1024w, https:\/\/portugalafora.com\/wp-content\/uploads\/2018\/05\/tousabendo-campopequeno-696x453.jpg 696w, https:\/\/portugalafora.com\/wp-content\/uploads\/2018\/05\/tousabendo-campopequeno-1068x696.jpg 1068w, https:\/\/portugalafora.com\/wp-content\/uploads\/2018\/05\/tousabendo-campopequeno-645x420.jpg 645w, https:\/\/portugalafora.com\/wp-content\/uploads\/2018\/05\/tousabendo-campopequeno-1392x907.jpg 1392w, https:\/\/portugalafora.com\/wp-content\/uploads\/2018\/05\/tousabendo-campopequeno-1290x840.jpg 1290w, https:\/\/portugalafora.com\/wp-content\/uploads\/2018\/05\/tousabendo-campopequeno-200x130.jpg 200w, https:\/\/portugalafora.com\/wp-content\/uploads\/2018\/05\/tousabendo-campopequeno-400x261.jpg 400w, https:\/\/portugalafora.com\/wp-content\/uploads\/2018\/05\/tousabendo-campopequeno-600x391.jpg 600w, https:\/\/portugalafora.com\/wp-content\/uploads\/2018\/05\/tousabendo-campopequeno-800x521.jpg 800w, https:\/\/portugalafora.com\/wp-content\/uploads\/2018\/05\/tousabendo-campopequeno-1200x782.jpg 1200w\" sizes=\"(max-width: 1572px) 100vw, 1572px\" \/><\/a><figcaption class=\"wp-element-caption\">Campo Pequeno Bullring<\/figcaption><\/figure>\n\n\n\n<p>We leave towards Pra\u00e7a de Espanha through Avenida de Berna and it is in this huge square where several roads cross that you should visit the <em>Calouste Gulbenkian Foundation<\/em>. Calouste Sarkis Gulbenkian was Armenian, acquired British nationality in 1902, was a wealthy man who invested in several businesses in London and played an important role in mediating Iranian oil reserves. In 1942 he decided to escape the war and came to live in Portugal. This collector and philanthropist died in 1955 and it was, precisely in Lisbon, that he determined in his will that the headquarters of an international foundation should be built with his name, for the benefit of all humanity.<\/p>\n\n\n\n<figure class=\"wp-block-image size-full alignnone\"><a href=\"http:\/\/portugalafora.com\/wp-content\/uploads\/2018\/05\/tousabendo-gulbenkian.jpg\"><img loading=\"lazy\" decoding=\"async\" width=\"800\" height=\"500\" src=\"https:\/\/portugalafora.com\/wp-content\/uploads\/2018\/05\/tousabendo-gulbenkian.jpg\" alt=\"\" class=\"wp-image-3087\" srcset=\"https:\/\/portugalafora.com\/wp-content\/uploads\/2018\/05\/tousabendo-gulbenkian.jpg 800w, https:\/\/portugalafora.com\/wp-content\/uploads\/2018\/05\/tousabendo-gulbenkian-500x313.jpg 500w, https:\/\/portugalafora.com\/wp-content\/uploads\/2018\/05\/tousabendo-gulbenkian-700x438.jpg 700w, https:\/\/portugalafora.com\/wp-content\/uploads\/2018\/05\/tousabendo-gulbenkian-300x188.jpg 300w, https:\/\/portugalafora.com\/wp-content\/uploads\/2018\/05\/tousabendo-gulbenkian-768x480.jpg 768w, https:\/\/portugalafora.com\/wp-content\/uploads\/2018\/05\/tousabendo-gulbenkian-696x435.jpg 696w, https:\/\/portugalafora.com\/wp-content\/uploads\/2018\/05\/tousabendo-gulbenkian-672x420.jpg 672w, https:\/\/portugalafora.com\/wp-content\/uploads\/2018\/05\/tousabendo-gulbenkian-200x125.jpg 200w, https:\/\/portugalafora.com\/wp-content\/uploads\/2018\/05\/tousabendo-gulbenkian-400x250.jpg 400w, https:\/\/portugalafora.com\/wp-content\/uploads\/2018\/05\/tousabendo-gulbenkian-600x375.jpg 600w\" sizes=\"(max-width: 800px) 100vw, 800px\" \/><\/a><figcaption class=\"wp-element-caption\">Gulbenkian Garden, photo: Gulbenkian Foundation<\/figcaption><\/figure>\n\n\n\n<p>Today this foundation is one of the largest in Europe and includes a museum, a garden (an oasis in the midst of urban traffic chaos), educational activities, various exhibitions and several music concerts throughout the year. It&#039;s a cultural space that I recommend and you can always sit in the garden and escape the hustle and bustle of the city for a bit.<\/p>\n\n\n\n<h3 class=\"wp-block-heading\">For shopping lovers<\/h3>\n\n\n\n<p>Very close to Gulbenkian (that&#039;s how we refer to this space) there is one of the best-known shopping malls in Lisbon. The Spanish chain <em>El Corte Ingl\u00e9s<\/em> arrived in Lisbon several years ago and in S\u00e3o Sebasti\u00e3o occupies a huge building with immense variety. On the top floor there is now a space with restaurants somewhat in the style of <em>Mercado da Ribeira<\/em>. If you want to shop this is an interesting place to visit. It&#039;s not unique, nor my favorite, although for more different clothes and products it&#039;s an excellent bet. In S\u00e3o Sebasti\u00e3o, walk to Marqu\u00eas de Pombal. The distance is short and it&#039;s not even worth taking the metro. But go to the part next to Parque Eduardo VII because at the top there are two attractions: a caf\u00e9 with a terrace and a lake that are somewhat hidden and then the view over old Lisbon and the Tagus River.<\/p>\n\n\n\n<figure class=\"wp-block-image size-full alignnone\"><a href=\"http:\/\/portugalafora.com\/wp-content\/uploads\/2018\/05\/tousabendo-parque-eduardo-vii.jpg\"><img loading=\"lazy\" decoding=\"async\" width=\"900\" height=\"600\" src=\"https:\/\/portugalafora.com\/wp-content\/uploads\/2018\/05\/tousabendo-parque-eduardo-vii.jpg\" alt=\"\" class=\"wp-image-3088\" srcset=\"https:\/\/portugalafora.com\/wp-content\/uploads\/2018\/05\/tousabendo-parque-eduardo-vii.jpg 900w, https:\/\/portugalafora.com\/wp-content\/uploads\/2018\/05\/tousabendo-parque-eduardo-vii-500x333.jpg 500w, https:\/\/portugalafora.com\/wp-content\/uploads\/2018\/05\/tousabendo-parque-eduardo-vii-700x467.jpg 700w, https:\/\/portugalafora.com\/wp-content\/uploads\/2018\/05\/tousabendo-parque-eduardo-vii-300x200.jpg 300w, https:\/\/portugalafora.com\/wp-content\/uploads\/2018\/05\/tousabendo-parque-eduardo-vii-768x512.jpg 768w, https:\/\/portugalafora.com\/wp-content\/uploads\/2018\/05\/tousabendo-parque-eduardo-vii-696x464.jpg 696w, https:\/\/portugalafora.com\/wp-content\/uploads\/2018\/05\/tousabendo-parque-eduardo-vii-630x420.jpg 630w, https:\/\/portugalafora.com\/wp-content\/uploads\/2018\/05\/tousabendo-parque-eduardo-vii-200x133.jpg 200w, https:\/\/portugalafora.com\/wp-content\/uploads\/2018\/05\/tousabendo-parque-eduardo-vii-400x267.jpg 400w, https:\/\/portugalafora.com\/wp-content\/uploads\/2018\/05\/tousabendo-parque-eduardo-vii-600x400.jpg 600w, https:\/\/portugalafora.com\/wp-content\/uploads\/2018\/05\/tousabendo-parque-eduardo-vii-800x533.jpg 800w\" sizes=\"(max-width: 900px) 100vw, 900px\" \/><\/a><figcaption class=\"wp-element-caption\">Edward VII Park<\/figcaption><\/figure>\n\n\n\n<p>In this same area you can also see the <em>Cold Greenhouse<\/em>, a paid garden with a wide variety of plants, but worth it for its beauty and tranquility. Entrance costs around \u20ac3.<\/p>\n\n\n\n<h3 class=\"wp-block-heading\">The Areeiro<\/h3>\n\n\n\n<p>We started with the parish of Campolide and its Aqueduto das \u00c1guas Livres, we went around the busy and diverse parish of Avenidas Novas and we will now end up in a smaller parish called Areeiro. This area is essentially residential, with a more expensive and noble part to the north, close to the parish of Alvalade. Avenida de Roma and Avenida Guerra Junqueiro were once two of the most important and chic in terms of stores, but it&#039;s not the same now. Interestingly, Baixa has woken up again and it is there that stores that are not found in shopping malls are now concentrated. In Baixa and Campo de Ourique, which I already told you about in the last article. Even so, this area is very pleasant and still maintains some prominence. You can stroll along Guerra Junqueiro or stop for a coffee until you reach Alameda, where Fonte Luminosa is located.<\/p>\n\n\n\n<figure class=\"wp-block-image aligncenter size-full is-resized\"><a href=\"http:\/\/portugalafora.com\/wp-content\/uploads\/2018\/05\/tousabendo-fonte-luminosa.jpg\"><img loading=\"lazy\" decoding=\"async\" width=\"900\" height=\"675\" src=\"https:\/\/portugalafora.com\/wp-content\/uploads\/2018\/05\/tousabendo-fonte-luminosa.jpg\" alt=\"\" class=\"wp-image-3089\" srcset=\"https:\/\/portugalafora.com\/wp-content\/uploads\/2018\/05\/tousabendo-fonte-luminosa.jpg 900w, https:\/\/portugalafora.com\/wp-content\/uploads\/2018\/05\/tousabendo-fonte-luminosa-500x375.jpg 500w, https:\/\/portugalafora.com\/wp-content\/uploads\/2018\/05\/tousabendo-fonte-luminosa-700x525.jpg 700w, https:\/\/portugalafora.com\/wp-content\/uploads\/2018\/05\/tousabendo-fonte-luminosa-300x225.jpg 300w, https:\/\/portugalafora.com\/wp-content\/uploads\/2018\/05\/tousabendo-fonte-luminosa-768x576.jpg 768w, https:\/\/portugalafora.com\/wp-content\/uploads\/2018\/05\/tousabendo-fonte-luminosa-80x60.jpg 80w, https:\/\/portugalafora.com\/wp-content\/uploads\/2018\/05\/tousabendo-fonte-luminosa-265x198.jpg 265w, https:\/\/portugalafora.com\/wp-content\/uploads\/2018\/05\/tousabendo-fonte-luminosa-696x522.jpg 696w, https:\/\/portugalafora.com\/wp-content\/uploads\/2018\/05\/tousabendo-fonte-luminosa-560x420.jpg 560w, https:\/\/portugalafora.com\/wp-content\/uploads\/2018\/05\/tousabendo-fonte-luminosa-160x120.jpg 160w, https:\/\/portugalafora.com\/wp-content\/uploads\/2018\/05\/tousabendo-fonte-luminosa-200x150.jpg 200w, https:\/\/portugalafora.com\/wp-content\/uploads\/2018\/05\/tousabendo-fonte-luminosa-400x300.jpg 400w, https:\/\/portugalafora.com\/wp-content\/uploads\/2018\/05\/tousabendo-fonte-luminosa-600x450.jpg 600w, https:\/\/portugalafora.com\/wp-content\/uploads\/2018\/05\/tousabendo-fonte-luminosa-800x600.jpg 800w\" sizes=\"(max-width: 900px) 100vw, 900px\" \/><\/a><figcaption class=\"wp-element-caption\">Fonte Luminosa, Alameda<\/figcaption><\/figure>\n\n\n\n<p>The Alameda is basically a huge lawn with a huge fountain on one side and one of Lisbon&#039;s best-known universities on the other \u2013 the Instituto Superior T\u00e9cnico.<\/p>\n\n\n\n<p>In the next article I will talk about three more parishes that are now far from the center of Lisbon and are more residential, but which are perhaps my favorite to live in. I&#039;m talking about the parishes of Benfica, with its huge Monsanto forest park; S\u00e3o Domingos de Benfica where the Zoo and the biggest shopping mall are located<em> trendy<\/em> of Lisbon and finally Alvalade, which is a very interesting area for shopping and eating. <br><\/p>","protected":false},"excerpt":{"rendered":"<p>Vamos avan\u00e7ar por mais tr\u00eas freguesias de Lisboa, agora j\u00e1 longe do centro e dos turistas, mas vamos descobrir em [&hellip;]<\/p>\n","protected":false},"author":16,"featured_media":3081,"comment_status":"closed","ping_status":"open","sticky":false,"template":"","format":"standard","meta":{"site-sidebar-layout":"default","site-content-layout":"","ast-site-content-layout":"default","site-content-style":"default","site-sidebar-style":"default","ast-global-header-display":"","ast-banner-title-visibility":"","ast-main-header-display":"","ast-hfb-above-header-display":"","ast-hfb-below-header-display":"","ast-hfb-mobile-header-display":"","site-post-title":"","ast-breadcrumbs-content":"","ast-featured-img":"","footer-sml-layout":"","ast-disable-related-posts":"","theme-transparent-header-meta":"","adv-header-id-meta":"","stick-header-meta":"","header-above-stick-meta":"","header-main-stick-meta":"","header-below-stick-meta":"","astra-migrate-meta-layouts":"default","ast-page-background-enabled":"default","ast-page-background-meta":{"desktop":{"background-color":"var(--ast-global-color-4)","background-image":"","background-repeat":"repeat","background-position":"center center","background-size":"auto","background-attachment":"scroll","background-type":"","background-media":"","overlay-type":"","overlay-color":"","overlay-opacity":"","overlay-gradient":""},"tablet":{"background-color":"","background-image":"","background-repeat":"repeat","background-position":"center center","background-size":"auto","background-attachment":"scroll","background-type":"","background-media":"","overlay-type":"","overlay-color":"","overlay-opacity":"","overlay-gradient":""},"mobile":{"background-color":"","background-image":"","background-repeat":"repeat","background-position":"center center","background-size":"auto","background-attachment":"scroll","background-type":"","background-media":"","overlay-type":"","overlay-color":"","overlay-opacity":"","overlay-gradient":""}},"ast-content-background-meta":{"desktop":{"background-color":"var(--ast-global-color-5)","background-image":"","background-repeat":"repeat","background-position":"center center","background-size":"auto","background-attachment":"scroll","background-type":"","background-media":"","overlay-type":"","overlay-color":"","overlay-opacity":"","overlay-gradient":""},"tablet":{"background-color":"var(--ast-global-color-5)","background-image":"","background-repeat":"repeat","background-position":"center center","background-size":"auto","background-attachment":"scroll","background-type":"","background-media":"","overlay-type":"","overlay-color":"","overlay-opacity":"","overlay-gradient":""},"mobile":{"background-color":"var(--ast-global-color-5)","background-image":"","background-repeat":"repeat","background-position":"center center","background-size":"auto","background-attachment":"scroll","background-type":"","background-media":"","overlay-type":"","overlay-color":"","overlay-opacity":"","overlay-gradient":""}},"footnotes":""},"categories":[527],"tags":[221,222,223,224,225],"class_list":["post-3078","post","type-post","status-publish","format-standard","has-post-thumbnail","hentry","category-lisboa","tag-aqueduto","tag-campo-pequeno","tag-campolide","tag-lojas","tag-saldanha"],"_links":{"self":[{"href":"https:\/\/portugalafora.com\/en\/wp-json\/wp\/v2\/posts\/3078","targetHints":{"allow":["GET"]}}],"collection":[{"href":"https:\/\/portugalafora.com\/en\/wp-json\/wp\/v2\/posts"}],"about":[{"href":"https:\/\/portugalafora.com\/en\/wp-json\/wp\/v2\/types\/post"}],"author":[{"embeddable":true,"href":"https:\/\/portugalafora.com\/en\/wp-json\/wp\/v2\/users\/16"}],"replies":[{"embeddable":true,"href":"https:\/\/portugalafora.com\/en\/wp-json\/wp\/v2\/comments?post=3078"}],"version-history":[{"count":12,"href":"https:\/\/portugalafora.com\/en\/wp-json\/wp\/v2\/posts\/3078\/revisions"}],"predecessor-version":[{"id":30459,"href":"https:\/\/portugalafora.com\/en\/wp-json\/wp\/v2\/posts\/3078\/revisions\/30459"}],"wp:featuredmedia":[{"embeddable":true,"href":"https:\/\/portugalafora.com\/en\/wp-json\/wp\/v2\/media\/3081"}],"wp:attachment":[{"href":"https:\/\/portugalafora.com\/en\/wp-json\/wp\/v2\/media?parent=3078"}],"wp:term":[{"taxonomy":"category","embeddable":true,"href":"https:\/\/portugalafora.com\/en\/wp-json\/wp\/v2\/categories?post=3078"},{"taxonomy":"post_tag","embeddable":true,"href":"https:\/\/portugalafora.com\/en\/wp-json\/wp\/v2\/tags?post=3078"}],"curies":[{"name":"wp","href":"https:\/\/api.w.org\/{rel}","templated":true}]}}